[{"@context":"https:\/\/schema.org\/","@type":"Article","@id":"https:\/\/www.nesvatbov.cz\/skola-se-vyplati\/#Article","mainEntityOfPage":"https:\/\/www.nesvatbov.cz\/skola-se-vyplati\/","headline":"\u0160kola se vyplat\u00ed","name":"\u0160kola se vyplat\u00ed","description":"V\u017edycky mi \u0161lo o to, abych m\u011bla skv\u011blou \u0161kolu. Tohle byl m\u016fj sen. U n\u00e1s...","datePublished":"2022-05-25","dateModified":"2023-04-30","author":{"@type":"Person","@id":"https:\/\/www.nesvatbov.cz\/author\/#Person","name":"","url":"https:\/\/www.nesvatbov.cz\/author\/","identifier":1,"image":{"@type":"ImageObject","@id":"https:\/\/secure.gravatar.com\/avatar\/dcb1aeb5e7d95014cdc92e76cf3c72f6b456579bf773ad0081803a6569ffc19c?s=96&d=mm&r=g","url":"https:\/\/secure.gravatar.com\/avatar\/dcb1aeb5e7d95014cdc92e76cf3c72f6b456579bf773ad0081803a6569ffc19c?s=96&d=mm&r=g","height":96,"width":96}},"publisher":{"@type":"Organization","name":"nesvatbov.cz","logo":{"@type":"ImageObject","@id":"\/logo.png","url":"\/logo.png","width":600,"height":60}},"image":{"@type":"ImageObject","@id":"https:\/\/www.nesvatbov.cz\/wp-content\/uploads\/students-395568_960_720.jpg","url":"https:\/\/www.nesvatbov.cz\/wp-content\/uploads\/students-395568_960_720.jpg","height":0,"width":0},"url":"https:\/\/www.nesvatbov.cz\/skola-se-vyplati\/","about":["Vzd\u011bl\u00e1n\u00ed"],"wordCount":434,"articleBody":"V\u017edycky mi \u0161lo o to, abych m\u011bla skv\u011blou \u0161kolu. Tohle byl m\u016fj sen. U n\u00e1s v rodin\u011b se hodn\u011b dbalo na vzd\u011bl\u00e1v\u00e1n\u00ed, tak\u017ee ani j\u00e1 jsem nebyla v\u00fdjimkou. Cht\u011bla jsem j\u00edt taky vysokou \u0161kolu. Samoz\u0159ejm\u011b, ale \u017ee m\u011b nikdo nenutil, abych dlouho studovala. Cht\u011bla jsem to sama od sebe. Mo\u017en\u00e1 to taky bylo t\u00edm, \u017ee jsem m\u011bla opravdu skv\u011bl\u00fd vzor. Moji rodi\u010de se st\u00e1le ur\u010dili s mou star\u0161\u00ed sestrou. J\u00e1 m\u00e1m star\u0161\u00ed sestru, kter\u00e1 je o \u0161est let star\u0161\u00ed, tak\u017ee jsem m\u011bla n\u011bjakou p\u0159edstavu, jak to vzd\u011bl\u00e1v\u00e1n\u00ed prob\u00edh\u00e1 a jak to vypad\u00e1. Taky jsem m\u011bla za to, jak vypad\u00e1 t\u0159eba r\u016fzn\u00e1 p\u0159\u00edprava na r\u016fzn\u00e9 u\u010den\u00ed a tak podobn\u011b. Tak\u017ee jsem si \u0159ekla, \u017ee kdy\u017e se budu skv\u011ble u\u010dit, tak taky budu m\u00edt potom skv\u011blou pr\u00e1ci a taky samoz\u0159ejm\u011b pen\u00edze. U\u010den\u00ed m\u011b bavilo. U\u017e ve t\u0159et\u00ed t\u0159\u00edd\u011b jsem chodila na kurzy ital\u0161tiny a angli\u010dtiny. Proto\u017ee studium jazyk\u016f m\u011b bavilo nejv\u00edce. A toho si v\u0161imli taky moji rodi\u010de a taky u\u010ditel\u00e9.Tak\u017ee jsem ji hned v p\u00e1t\u00e9 t\u0159\u00edd\u011b na gymn\u00e1zium. A mus\u00edm \u0159\u00edct, \u017ee jsem ud\u011blala dob\u0159e.\u00a0Proto\u017ee\u00a0na gymn\u00e1ziu m\u011b to opravdu hodn\u011b moc bavilo, tak\u017ee jsem si \u0159ekla, \u017ee nejlep\u0161\u00ed bude, kdy\u017e se budu studiu jazyku v\u011bnovat opravdu co nejv\u00edce. Po gymn\u00e1ziu jsem \u0161la na \u0161kolu, kde se studuje jazyk. A mimo t\u011bchto dvou jazyk\u016f jsem si p\u0159ibrala je\u0161t\u011b francouz\u0161tinu a jsem naprosto spokojen\u00e1.\u0158ekla jsem si, \u017ee v budoucnu bych mohla b\u00fdt p\u0159ekladatelka anebo prov\u00e1zet turisty po r\u016fzn\u00fdch kr\u00e1sn\u00fdch m\u011bstech na\u0161\u00ed Evropy. A mo\u017en\u00e1 ne jenom to. A pokud i v\u00e1s zaj\u00edm\u00e1 skv\u011bl\u00e9 cestov\u00e1n\u00ed a taky vesel\u00fd \u017eivot, tak si mysl\u00edm, \u017ee nic nezkaz\u00edte t\u00edm, kdy\u017e se budete pravideln\u011b vzd\u011bl\u00e1vat. Nav\u00edc je to zaj\u00edmav\u00e9 a z\u00e1bavn\u00e9 a taky potk\u00e1te mnoho r\u016fzn\u00fdch lid\u00ed. J\u00e1\u00a0jsem\u00a0t\u0159eba d\u00edky studiu z\u00edskala tolik p\u0159\u00e1tel, \u017ee bych je ani\u00a0nespo\u010d\u00edtala. A m\u00e1m taky\u00a0kamar\u00e1dy\u00a0v ciz\u00edch zem\u00edch, tak\u017ee se taky pravideln\u011b nav\u0161t\u011bvujeme a je n\u00e1m takhle v\u0161em\u00a0fajn. A to d\u00edky\u00a0vzd\u011bl\u00e1v\u00e1n\u00ed\u00a0se.\u00a0                                                                                                                                                                                                                                                                                                                                                                                        4.4\/5 - (7 votes)        "},{"@context":"https:\/\/schema.org\/","@type":"BreadcrumbList","itemListElement":[{"@type":"ListItem","position":1,"name":"\u0160kola se vyplat\u00ed","item":"https:\/\/www.nesvatbov.cz\/skola-se-vyplati\/#breadcrumbitem"}]}]